{"id":1105,"date":"2021-12-30T13:36:20","date_gmt":"2021-12-30T12:36:20","guid":{"rendered":"https:\/\/mg-par.cat\/la-nueva-reforma-laboral-novedades-y-diferencias-con-la-de-2012\/"},"modified":"2023-10-04T12:13:42","modified_gmt":"2023-10-04T11:13:42","slug":"la-nueva-reforma-laboral-novedades-y-diferencias-con-la-de-2012","status":"publish","type":"post","link":"https:\/\/mg-par.cat\/es\/2021-es\/la-nueva-reforma-laboral-novedades-y-diferencias-con-la-de-2012\/","title":{"rendered":"La nueva reforma laboral: Novedades y diferencias con la de 2012"},"content":{"rendered":"<div class=\"wpb-content-wrapper\"><p>[vc_row][vc_column][vc_column_text]\u200eEl Consejo de Ministros ha aprobado el 28 de diciembre, la primera la Reforma Laboral pactada con los agentes sociales fruto de m\u00e1s de nueve meses de negociaciones.\u200e \u200eLo hace a trav\u00e9s de un Real decreto por lo que su tramitaci\u00f3n ser\u00e1 muy r\u00e1pida, sin dar lugar a muchas negociaciones, pero puede haber alg\u00fan cambio.\u200e<\/p>\n<p>\u200eEl Real Decreto-ley de reforma laboral, aprobada el martes pasado en el Consejo de Ministros, ha sido publicado hoy, 30 de diciembre, en el Bolet\u00edn Oficial del Estado.\u200e \u200eEsta legislaci\u00f3n entrar\u00e1 en vigor el 31 de diciembre, excepto el nuevo marco de contrataci\u00f3n, que lo har\u00e1 dentro de tres meses para dar tiempo a las empresas a adaptarse.\u200e<\/p>\n<p>\u200eLa reforma laboral aprobada no implica una derogaci\u00f3n de su antecesora de 2012.\u200e \u200eNo obstante, s\u00ed provocar\u00e1 importantes cambios que marcan un antes y un despu\u00e9s en la negociaci\u00f3n colectiva, la contrataci\u00f3n temporal y la creaci\u00f3n del mecanismo RED.\u200e \u200eA continuaci\u00f3n se desgranan las principales modificaciones &#8230;\u200e[\/vc_column_text][vc_column_text]<a href=\"https:\/\/mg-par.cat\/wp-content\/uploads\/2022\/01\/Y2021-M12-CA.pdf\" target=\"_blank\" rel=\"noopener\">\u200eDescargar el bolet\u00edn de noticias completo\u200e <img loading=\"lazy\" decoding=\"async\" class=\"size-full wp-image-1001 alignnone\" src=\"https:\/\/mg-par.cat\/wp-content\/uploads\/2022\/01\/pdf_64.png\" alt=\"\" width=\"64\" height=\"64\" \/><\/a>[\/vc_column_text][\/vc_column][\/vc_row]<\/p>\n<\/div>","protected":false},"excerpt":{"rendered":"<p>[vc_row][vc_column][vc_column_text]\u200eEl Consejo de Ministros ha aprobado el 28 de diciembre, la primera la Reforma Laboral pactada con los agentes sociales fruto de m\u00e1s de nueve meses de negociaciones.\u200e \u200eLo hace a trav\u00e9s de un Real decreto por lo que su tramitaci\u00f3n ser\u00e1 muy r\u00e1pida, sin dar lugar a muchas negociaciones, pero puede haber alg\u00fan cambio.\u200e [&hellip;]<\/p>\n","protected":false},"author":1,"featured_media":932,"comment_status":"closed","ping_status":"closed","sticky":false,"template":"","format":"standard","meta":{"footnotes":""},"categories":[70],"tags":[],"class_list":["post-1105","post","type-post","status-publish","format-standard","has-post-thumbnail","hentry","category-2021-es"],"featured_image_src":{"landsacpe":["https:\/\/mg-par.cat\/wp-content\/uploads\/2022\/01\/mg-par_logo2.png",564,168,false],"list":["https:\/\/mg-par.cat\/wp-content\/uploads\/2022\/01\/mg-par_logo2-463x168.png",463,168,true],"medium":["https:\/\/mg-par.cat\/wp-content\/uploads\/2022\/01\/mg-par_logo2-300x89.png",300,89,true],"full":["https:\/\/mg-par.cat\/wp-content\/uploads\/2022\/01\/mg-par_logo2.png",564,168,false]},"yoast_head":"<!-- This site is optimized with the Yoast SEO plugin v27.2 - https:\/\/yoast.com\/product\/yoast-seo-wordpress\/ -->\n<title>La nueva reforma laboral: Novedades y diferencias con la de 2012 - MG-PAR Rub\u00ed Gesti\u00f3<\/title>\n<meta name=\"description\" content=\"\u200eEl Consejo de Ministros ha aprobado la primera la Reforma Laboral pactada con los agentes sociales fruto de m\u00e1s de nueve meses de negociaciones.\u200e\" \/>\n<meta name=\"robots\" content=\"index, follow, max-snippet:-1, max-image-preview:large, max-video-preview:-1\" \/>\n<link rel=\"canonical\" href=\"https:\/\/mg-par.cat\/es\/2021-es\/la-nueva-reforma-laboral-novedades-y-diferencias-con-la-de-2012\/\" \/>\n<meta property=\"og:locale\" content=\"es_ES\" \/>\n<meta property=\"og:type\" content=\"article\" \/>\n<meta property=\"og:title\" content=\"La nueva reforma laboral: Novedades y diferencias con la de 2012 - MG-PAR Rub\u00ed Gesti\u00f3\" \/>\n<meta property=\"og:description\" content=\"\u200eEl Consejo de Ministros ha aprobado la primera la Reforma Laboral pactada con los agentes sociales fruto de m\u00e1s de nueve meses de negociaciones.\u200e\" \/>\n<meta property=\"og:url\" content=\"https:\/\/mg-par.cat\/es\/2021-es\/la-nueva-reforma-laboral-novedades-y-diferencias-con-la-de-2012\/\" \/>\n<meta property=\"og:site_name\" content=\"MG-PAR Rub\u00ed Gesti\u00f3\" \/>\n<meta property=\"article:published_time\" content=\"2021-12-30T12:36:20+00:00\" \/>\n<meta property=\"article:modified_time\" content=\"2023-10-04T11:13:42+00:00\" \/>\n<meta property=\"og:image\" content=\"https:\/\/mg-par.cat\/wp-content\/uploads\/2022\/01\/mg-par_logo2.png\" \/>\n\t<meta property=\"og:image:width\" content=\"564\" \/>\n\t<meta property=\"og:image:height\" content=\"168\" \/>\n\t<meta property=\"og:image:type\" content=\"image\/png\" \/>\n<meta name=\"author\" content=\"admin\" \/>\n<meta name=\"twitter:card\" content=\"summary_large_image\" \/>\n<meta name=\"twitter:label1\" content=\"Escrito por\" \/>\n\t<meta name=\"twitter:data1\" content=\"admin\" \/>\n\t<meta name=\"twitter:label2\" content=\"Tiempo de lectura\" \/>\n\t<meta name=\"twitter:data2\" content=\"1 minuto\" \/>\n<script type=\"application\/ld+json\" class=\"yoast-schema-graph\">{\"@context\":\"https:\/\/schema.org\",\"@graph\":[{\"@type\":\"Article\",\"@id\":\"https:\/\/mg-par.cat\/es\/2021-es\/la-nueva-reforma-laboral-novedades-y-diferencias-con-la-de-2012\/#article\",\"isPartOf\":{\"@id\":\"https:\/\/mg-par.cat\/es\/2021-es\/la-nueva-reforma-laboral-novedades-y-diferencias-con-la-de-2012\/\"},\"author\":{\"name\":\"admin\",\"@id\":\"https:\/\/mg-par.cat\/#\/schema\/person\/553df4ee1254b6183bf5c02623414075\"},\"headline\":\"La nueva reforma laboral: Novedades y diferencias con la de 2012\",\"datePublished\":\"2021-12-30T12:36:20+00:00\",\"dateModified\":\"2023-10-04T11:13:42+00:00\",\"mainEntityOfPage\":{\"@id\":\"https:\/\/mg-par.cat\/es\/2021-es\/la-nueva-reforma-laboral-novedades-y-diferencias-con-la-de-2012\/\"},\"wordCount\":206,\"image\":{\"@id\":\"https:\/\/mg-par.cat\/es\/2021-es\/la-nueva-reforma-laboral-novedades-y-diferencias-con-la-de-2012\/#primaryimage\"},\"thumbnailUrl\":\"https:\/\/mg-par.cat\/wp-content\/uploads\/2022\/01\/mg-par_logo2.png\",\"articleSection\":[\"2021\"],\"inLanguage\":\"es\"},{\"@type\":\"WebPage\",\"@id\":\"https:\/\/mg-par.cat\/es\/2021-es\/la-nueva-reforma-laboral-novedades-y-diferencias-con-la-de-2012\/\",\"url\":\"https:\/\/mg-par.cat\/es\/2021-es\/la-nueva-reforma-laboral-novedades-y-diferencias-con-la-de-2012\/\",\"name\":\"La nueva reforma laboral: Novedades y diferencias con la de 2012 - MG-PAR Rub\u00ed Gesti\u00f3\",\"isPartOf\":{\"@id\":\"https:\/\/mg-par.cat\/#website\"},\"primaryImageOfPage\":{\"@id\":\"https:\/\/mg-par.cat\/es\/2021-es\/la-nueva-reforma-laboral-novedades-y-diferencias-con-la-de-2012\/#primaryimage\"},\"image\":{\"@id\":\"https:\/\/mg-par.cat\/es\/2021-es\/la-nueva-reforma-laboral-novedades-y-diferencias-con-la-de-2012\/#primaryimage\"},\"thumbnailUrl\":\"https:\/\/mg-par.cat\/wp-content\/uploads\/2022\/01\/mg-par_logo2.png\",\"datePublished\":\"2021-12-30T12:36:20+00:00\",\"dateModified\":\"2023-10-04T11:13:42+00:00\",\"author\":{\"@id\":\"https:\/\/mg-par.cat\/#\/schema\/person\/553df4ee1254b6183bf5c02623414075\"},\"description\":\"\u200eEl Consejo de Ministros ha aprobado la primera la Reforma Laboral pactada con los agentes sociales fruto de m\u00e1s de nueve meses de negociaciones.\u200e\",\"breadcrumb\":{\"@id\":\"https:\/\/mg-par.cat\/es\/2021-es\/la-nueva-reforma-laboral-novedades-y-diferencias-con-la-de-2012\/#breadcrumb\"},\"inLanguage\":\"es\",\"potentialAction\":[{\"@type\":\"ReadAction\",\"target\":[\"https:\/\/mg-par.cat\/es\/2021-es\/la-nueva-reforma-laboral-novedades-y-diferencias-con-la-de-2012\/\"]}]},{\"@type\":\"ImageObject\",\"inLanguage\":\"es\",\"@id\":\"https:\/\/mg-par.cat\/es\/2021-es\/la-nueva-reforma-laboral-novedades-y-diferencias-con-la-de-2012\/#primaryimage\",\"url\":\"https:\/\/mg-par.cat\/wp-content\/uploads\/2022\/01\/mg-par_logo2.png\",\"contentUrl\":\"https:\/\/mg-par.cat\/wp-content\/uploads\/2022\/01\/mg-par_logo2.png\",\"width\":564,\"height\":168},{\"@type\":\"BreadcrumbList\",\"@id\":\"https:\/\/mg-par.cat\/es\/2021-es\/la-nueva-reforma-laboral-novedades-y-diferencias-con-la-de-2012\/#breadcrumb\",\"itemListElement\":[{\"@type\":\"ListItem\",\"position\":1,\"name\":\"Portada\",\"item\":\"https:\/\/mg-par.cat\/es\/\"},{\"@type\":\"ListItem\",\"position\":2,\"name\":\"La nueva reforma laboral: Novedades y diferencias con la de 2012\"}]},{\"@type\":\"WebSite\",\"@id\":\"https:\/\/mg-par.cat\/#website\",\"url\":\"https:\/\/mg-par.cat\/\",\"name\":\"MG-PAR Rub\u00ed Gesti\u00f3\",\"description\":\"Assessoria a mida\",\"potentialAction\":[{\"@type\":\"SearchAction\",\"target\":{\"@type\":\"EntryPoint\",\"urlTemplate\":\"https:\/\/mg-par.cat\/?s={search_term_string}\"},\"query-input\":{\"@type\":\"PropertyValueSpecification\",\"valueRequired\":true,\"valueName\":\"search_term_string\"}}],\"inLanguage\":\"es\"},{\"@type\":\"Person\",\"@id\":\"https:\/\/mg-par.cat\/#\/schema\/person\/553df4ee1254b6183bf5c02623414075\",\"name\":\"admin\",\"sameAs\":[\"https:\/\/mg-par.cat\"],\"url\":\"#\"}]}<\/script>\n<!-- \/ Yoast SEO plugin. -->","yoast_head_json":{"title":"La nueva reforma laboral: Novedades y diferencias con la de 2012 - MG-PAR Rub\u00ed Gesti\u00f3","description":"\u200eEl Consejo de Ministros ha aprobado la primera la Reforma Laboral pactada con los agentes sociales fruto de m\u00e1s de nueve meses de negociaciones.\u200e","robots":{"index":"index","follow":"follow","max-snippet":"max-snippet:-1","max-image-preview":"max-image-preview:large","max-video-preview":"max-video-preview:-1"},"canonical":"https:\/\/mg-par.cat\/es\/2021-es\/la-nueva-reforma-laboral-novedades-y-diferencias-con-la-de-2012\/","og_locale":"es_ES","og_type":"article","og_title":"La nueva reforma laboral: Novedades y diferencias con la de 2012 - MG-PAR Rub\u00ed Gesti\u00f3","og_description":"\u200eEl Consejo de Ministros ha aprobado la primera la Reforma Laboral pactada con los agentes sociales fruto de m\u00e1s de nueve meses de negociaciones.\u200e","og_url":"https:\/\/mg-par.cat\/es\/2021-es\/la-nueva-reforma-laboral-novedades-y-diferencias-con-la-de-2012\/","og_site_name":"MG-PAR Rub\u00ed Gesti\u00f3","article_published_time":"2021-12-30T12:36:20+00:00","article_modified_time":"2023-10-04T11:13:42+00:00","og_image":[{"width":564,"height":168,"url":"https:\/\/mg-par.cat\/wp-content\/uploads\/2022\/01\/mg-par_logo2.png","type":"image\/png"}],"author":"admin","twitter_card":"summary_large_image","twitter_misc":{"Escrito por":"admin","Tiempo de lectura":"1 minuto"},"schema":{"@context":"https:\/\/schema.org","@graph":[{"@type":"Article","@id":"https:\/\/mg-par.cat\/es\/2021-es\/la-nueva-reforma-laboral-novedades-y-diferencias-con-la-de-2012\/#article","isPartOf":{"@id":"https:\/\/mg-par.cat\/es\/2021-es\/la-nueva-reforma-laboral-novedades-y-diferencias-con-la-de-2012\/"},"author":{"name":"admin","@id":"https:\/\/mg-par.cat\/#\/schema\/person\/553df4ee1254b6183bf5c02623414075"},"headline":"La nueva reforma laboral: Novedades y diferencias con la de 2012","datePublished":"2021-12-30T12:36:20+00:00","dateModified":"2023-10-04T11:13:42+00:00","mainEntityOfPage":{"@id":"https:\/\/mg-par.cat\/es\/2021-es\/la-nueva-reforma-laboral-novedades-y-diferencias-con-la-de-2012\/"},"wordCount":206,"image":{"@id":"https:\/\/mg-par.cat\/es\/2021-es\/la-nueva-reforma-laboral-novedades-y-diferencias-con-la-de-2012\/#primaryimage"},"thumbnailUrl":"https:\/\/mg-par.cat\/wp-content\/uploads\/2022\/01\/mg-par_logo2.png","articleSection":["2021"],"inLanguage":"es"},{"@type":"WebPage","@id":"https:\/\/mg-par.cat\/es\/2021-es\/la-nueva-reforma-laboral-novedades-y-diferencias-con-la-de-2012\/","url":"https:\/\/mg-par.cat\/es\/2021-es\/la-nueva-reforma-laboral-novedades-y-diferencias-con-la-de-2012\/","name":"La nueva reforma laboral: Novedades y diferencias con la de 2012 - MG-PAR Rub\u00ed Gesti\u00f3","isPartOf":{"@id":"https:\/\/mg-par.cat\/#website"},"primaryImageOfPage":{"@id":"https:\/\/mg-par.cat\/es\/2021-es\/la-nueva-reforma-laboral-novedades-y-diferencias-con-la-de-2012\/#primaryimage"},"image":{"@id":"https:\/\/mg-par.cat\/es\/2021-es\/la-nueva-reforma-laboral-novedades-y-diferencias-con-la-de-2012\/#primaryimage"},"thumbnailUrl":"https:\/\/mg-par.cat\/wp-content\/uploads\/2022\/01\/mg-par_logo2.png","datePublished":"2021-12-30T12:36:20+00:00","dateModified":"2023-10-04T11:13:42+00:00","author":{"@id":"https:\/\/mg-par.cat\/#\/schema\/person\/553df4ee1254b6183bf5c02623414075"},"description":"\u200eEl Consejo de Ministros ha aprobado la primera la Reforma Laboral pactada con los agentes sociales fruto de m\u00e1s de nueve meses de negociaciones.\u200e","breadcrumb":{"@id":"https:\/\/mg-par.cat\/es\/2021-es\/la-nueva-reforma-laboral-novedades-y-diferencias-con-la-de-2012\/#breadcrumb"},"inLanguage":"es","potentialAction":[{"@type":"ReadAction","target":["https:\/\/mg-par.cat\/es\/2021-es\/la-nueva-reforma-laboral-novedades-y-diferencias-con-la-de-2012\/"]}]},{"@type":"ImageObject","inLanguage":"es","@id":"https:\/\/mg-par.cat\/es\/2021-es\/la-nueva-reforma-laboral-novedades-y-diferencias-con-la-de-2012\/#primaryimage","url":"https:\/\/mg-par.cat\/wp-content\/uploads\/2022\/01\/mg-par_logo2.png","contentUrl":"https:\/\/mg-par.cat\/wp-content\/uploads\/2022\/01\/mg-par_logo2.png","width":564,"height":168},{"@type":"BreadcrumbList","@id":"https:\/\/mg-par.cat\/es\/2021-es\/la-nueva-reforma-laboral-novedades-y-diferencias-con-la-de-2012\/#breadcrumb","itemListElement":[{"@type":"ListItem","position":1,"name":"Portada","item":"https:\/\/mg-par.cat\/es\/"},{"@type":"ListItem","position":2,"name":"La nueva reforma laboral: Novedades y diferencias con la de 2012"}]},{"@type":"WebSite","@id":"https:\/\/mg-par.cat\/#website","url":"https:\/\/mg-par.cat\/","name":"MG-PAR Rub\u00ed Gesti\u00f3","description":"Assessoria a mida","potentialAction":[{"@type":"SearchAction","target":{"@type":"EntryPoint","urlTemplate":"https:\/\/mg-par.cat\/?s={search_term_string}"},"query-input":{"@type":"PropertyValueSpecification","valueRequired":true,"valueName":"search_term_string"}}],"inLanguage":"es"},{"@type":"Person","@id":"https:\/\/mg-par.cat\/#\/schema\/person\/553df4ee1254b6183bf5c02623414075","name":"admin","sameAs":["https:\/\/mg-par.cat"],"url":"#"}]}},"_links":{"self":[{"href":"https:\/\/mg-par.cat\/es\/wp-json\/wp\/v2\/posts\/1105","targetHints":{"allow":["GET"]}}],"collection":[{"href":"https:\/\/mg-par.cat\/es\/wp-json\/wp\/v2\/posts"}],"about":[{"href":"https:\/\/mg-par.cat\/es\/wp-json\/wp\/v2\/types\/post"}],"author":[{"embeddable":true,"href":"https:\/\/mg-par.cat\/es\/wp-json\/wp\/v2\/users\/1"}],"replies":[{"embeddable":true,"href":"https:\/\/mg-par.cat\/es\/wp-json\/wp\/v2\/comments?post=1105"}],"version-history":[{"count":2,"href":"https:\/\/mg-par.cat\/es\/wp-json\/wp\/v2\/posts\/1105\/revisions"}],"predecessor-version":[{"id":1636,"href":"https:\/\/mg-par.cat\/es\/wp-json\/wp\/v2\/posts\/1105\/revisions\/1636"}],"wp:featuredmedia":[{"embeddable":true,"href":"https:\/\/mg-par.cat\/es\/wp-json\/wp\/v2\/media\/932"}],"wp:attachment":[{"href":"https:\/\/mg-par.cat\/es\/wp-json\/wp\/v2\/media?parent=1105"}],"wp:term":[{"taxonomy":"category","embeddable":true,"href":"https:\/\/mg-par.cat\/es\/wp-json\/wp\/v2\/categories?post=1105"},{"taxonomy":"post_tag","embeddable":true,"href":"https:\/\/mg-par.cat\/es\/wp-json\/wp\/v2\/tags?post=1105"}],"curies":[{"name":"wp","href":"https:\/\/api.w.org\/{rel}","templated":true}]}}