{"id":1227,"date":"2021-06-30T10:50:22","date_gmt":"2021-06-30T09:50:22","guid":{"rendered":"https:\/\/mg-par.cat\/?p=1227"},"modified":"2022-06-22T15:15:12","modified_gmt":"2022-06-22T14:15:12","slug":"ccaa-en-les-quals-els-autonoms-poden-demanar-les-ajudes-directes","status":"publish","type":"post","link":"https:\/\/mg-par.cat\/es\/2021-es\/ccaa-en-les-quals-els-autonoms-poden-demanar-les-ajudes-directes\/","title":{"rendered":"\u200eCCAA en las que los aut\u00f3nomos pueden pedir las ayudas directas\u200e"},"content":{"rendered":"<div class=\"wpb-content-wrapper\"><p>[vc_row][vc_column][vc_column_text]\u200eEl pasado mes de febrero, el Gobierno anunci\u00f3 la puesta en marcha de un paquete de 7.000 millones de euros en ayudas directas dirigido a aut\u00f3nomos y peque\u00f1os negocios, para hacer frente a la crisis generada por la pandemia. Sin embargo, no fue hasta final de mayo cuando todas las comunidades aut\u00f3nomas, encargadas de gestionar la partida, finalizaron los procesos administrativos y firmaron los convenios para poder realizar las transferencias a fondo perdido a los trabajadores por cuenta propia de sus territorios. Aunque cada CCAA va a su propio ritmo, ya hay muchos territorios que permiten a los negocios interesados pedir las ayudas directas e, incluso, hay otros como Madrid, que ya han empezado a realizar los pagos a sus aut\u00f3nomos. &#8230;\u200e[\/vc_column_text][vc_column_text]<a href=\"https:\/\/mg-par.cat\/wp-content\/uploads\/2022\/02\/Y2021-M06-ES.pdf\" target=\"_blank\" rel=\"noopener\">\u200eDescargar el bolet\u00edn de noticias completo\u200e <img loading=\"lazy\" decoding=\"async\" class=\"size-full wp-image-1001 alignnone\" src=\"https:\/\/mg-par.cat\/wp-content\/uploads\/2022\/01\/pdf_64.png\" alt=\"\" width=\"64\" height=\"64\" \/><\/a>[\/vc_column_text][\/vc_column][\/vc_row]<\/p>\n<\/div>","protected":false},"excerpt":{"rendered":"<p>[vc_row][vc_column][vc_column_text]\u200eEl pasado mes de febrero, el Gobierno anunci\u00f3 la puesta en marcha de un paquete de 7.000 millones de euros en ayudas directas dirigido a aut\u00f3nomos y peque\u00f1os negocios, para hacer frente a la crisis generada por la pandemia. Sin embargo, no fue hasta final de mayo cuando todas las comunidades aut\u00f3nomas, encargadas de gestionar [&hellip;]<\/p>\n","protected":false},"author":1,"featured_media":932,"comment_status":"closed","ping_status":"closed","sticky":false,"template":"","format":"standard","meta":{"footnotes":""},"categories":[70],"tags":[],"class_list":["post-1227","post","type-post","status-publish","format-standard","has-post-thumbnail","hentry","category-2021-es"],"featured_image_src":{"landsacpe":["https:\/\/mg-par.cat\/wp-content\/uploads\/2022\/01\/mg-par_logo2.png",564,168,false],"list":["https:\/\/mg-par.cat\/wp-content\/uploads\/2022\/01\/mg-par_logo2-463x168.png",463,168,true],"medium":["https:\/\/mg-par.cat\/wp-content\/uploads\/2022\/01\/mg-par_logo2-300x89.png",300,89,true],"full":["https:\/\/mg-par.cat\/wp-content\/uploads\/2022\/01\/mg-par_logo2.png",564,168,false]},"yoast_head":"<!-- This site is optimized with the Yoast SEO plugin v27.2 - https:\/\/yoast.com\/product\/yoast-seo-wordpress\/ -->\n<title>\u200eCCAA en las que los aut\u00f3nomos pueden pedir las ayudas directas\u200e - MG-PAR Rub\u00ed Gesti\u00f3<\/title>\n<meta name=\"description\" content=\"\u200eEl pasado mes de febrero, el Gobierno anunci\u00f3 la puesta en marcha de un paquete de 7.000 millones de euros en ayudas directas.\u200e\" \/>\n<meta name=\"robots\" content=\"index, follow, max-snippet:-1, max-image-preview:large, max-video-preview:-1\" \/>\n<link rel=\"canonical\" href=\"https:\/\/mg-par.cat\/es\/2021-es\/ccaa-en-les-quals-els-autonoms-poden-demanar-les-ajudes-directes\/\" \/>\n<meta property=\"og:locale\" content=\"es_ES\" \/>\n<meta property=\"og:type\" content=\"article\" \/>\n<meta property=\"og:title\" content=\"\u200eCCAA en las que los aut\u00f3nomos pueden pedir las ayudas directas\u200e - MG-PAR Rub\u00ed Gesti\u00f3\" \/>\n<meta property=\"og:description\" content=\"\u200eEl pasado mes de febrero, el Gobierno anunci\u00f3 la puesta en marcha de un paquete de 7.000 millones de euros en ayudas directas.\u200e\" \/>\n<meta property=\"og:url\" content=\"https:\/\/mg-par.cat\/es\/2021-es\/ccaa-en-les-quals-els-autonoms-poden-demanar-les-ajudes-directes\/\" \/>\n<meta property=\"og:site_name\" content=\"MG-PAR Rub\u00ed Gesti\u00f3\" \/>\n<meta property=\"article:published_time\" content=\"2021-06-30T09:50:22+00:00\" \/>\n<meta property=\"article:modified_time\" content=\"2022-06-22T14:15:12+00:00\" \/>\n<meta property=\"og:image\" content=\"https:\/\/mg-par.cat\/wp-content\/uploads\/2022\/01\/mg-par_logo2.png\" \/>\n\t<meta property=\"og:image:width\" content=\"564\" \/>\n\t<meta property=\"og:image:height\" content=\"168\" \/>\n\t<meta property=\"og:image:type\" content=\"image\/png\" \/>\n<meta name=\"author\" content=\"admin\" \/>\n<meta name=\"twitter:card\" content=\"summary_large_image\" \/>\n<meta name=\"twitter:label1\" content=\"Escrito por\" \/>\n\t<meta name=\"twitter:data1\" content=\"admin\" \/>\n\t<meta name=\"twitter:label2\" content=\"Tiempo de lectura\" \/>\n\t<meta name=\"twitter:data2\" content=\"1 minuto\" \/>\n<script type=\"application\/ld+json\" class=\"yoast-schema-graph\">{\"@context\":\"https:\/\/schema.org\",\"@graph\":[{\"@type\":\"Article\",\"@id\":\"https:\/\/mg-par.cat\/es\/2021-es\/ccaa-en-les-quals-els-autonoms-poden-demanar-les-ajudes-directes\/#article\",\"isPartOf\":{\"@id\":\"https:\/\/mg-par.cat\/es\/2021-es\/ccaa-en-les-quals-els-autonoms-poden-demanar-les-ajudes-directes\/\"},\"author\":{\"name\":\"admin\",\"@id\":\"https:\/\/mg-par.cat\/#\/schema\/person\/553df4ee1254b6183bf5c02623414075\"},\"headline\":\"\u200eCCAA en las que los aut\u00f3nomos pueden pedir las ayudas directas\u200e\",\"datePublished\":\"2021-06-30T09:50:22+00:00\",\"dateModified\":\"2022-06-22T14:15:12+00:00\",\"mainEntityOfPage\":{\"@id\":\"https:\/\/mg-par.cat\/es\/2021-es\/ccaa-en-les-quals-els-autonoms-poden-demanar-les-ajudes-directes\/\"},\"wordCount\":163,\"image\":{\"@id\":\"https:\/\/mg-par.cat\/es\/2021-es\/ccaa-en-les-quals-els-autonoms-poden-demanar-les-ajudes-directes\/#primaryimage\"},\"thumbnailUrl\":\"https:\/\/mg-par.cat\/wp-content\/uploads\/2022\/01\/mg-par_logo2.png\",\"articleSection\":[\"2021\"],\"inLanguage\":\"es\"},{\"@type\":\"WebPage\",\"@id\":\"https:\/\/mg-par.cat\/es\/2021-es\/ccaa-en-les-quals-els-autonoms-poden-demanar-les-ajudes-directes\/\",\"url\":\"https:\/\/mg-par.cat\/es\/2021-es\/ccaa-en-les-quals-els-autonoms-poden-demanar-les-ajudes-directes\/\",\"name\":\"\u200eCCAA en las que los aut\u00f3nomos pueden pedir las ayudas directas\u200e - MG-PAR Rub\u00ed Gesti\u00f3\",\"isPartOf\":{\"@id\":\"https:\/\/mg-par.cat\/#website\"},\"primaryImageOfPage\":{\"@id\":\"https:\/\/mg-par.cat\/es\/2021-es\/ccaa-en-les-quals-els-autonoms-poden-demanar-les-ajudes-directes\/#primaryimage\"},\"image\":{\"@id\":\"https:\/\/mg-par.cat\/es\/2021-es\/ccaa-en-les-quals-els-autonoms-poden-demanar-les-ajudes-directes\/#primaryimage\"},\"thumbnailUrl\":\"https:\/\/mg-par.cat\/wp-content\/uploads\/2022\/01\/mg-par_logo2.png\",\"datePublished\":\"2021-06-30T09:50:22+00:00\",\"dateModified\":\"2022-06-22T14:15:12+00:00\",\"author\":{\"@id\":\"https:\/\/mg-par.cat\/#\/schema\/person\/553df4ee1254b6183bf5c02623414075\"},\"description\":\"\u200eEl pasado mes de febrero, el Gobierno anunci\u00f3 la puesta en marcha de un paquete de 7.000 millones de euros en ayudas directas.\u200e\",\"breadcrumb\":{\"@id\":\"https:\/\/mg-par.cat\/es\/2021-es\/ccaa-en-les-quals-els-autonoms-poden-demanar-les-ajudes-directes\/#breadcrumb\"},\"inLanguage\":\"es\",\"potentialAction\":[{\"@type\":\"ReadAction\",\"target\":[\"https:\/\/mg-par.cat\/es\/2021-es\/ccaa-en-les-quals-els-autonoms-poden-demanar-les-ajudes-directes\/\"]}]},{\"@type\":\"ImageObject\",\"inLanguage\":\"es\",\"@id\":\"https:\/\/mg-par.cat\/es\/2021-es\/ccaa-en-les-quals-els-autonoms-poden-demanar-les-ajudes-directes\/#primaryimage\",\"url\":\"https:\/\/mg-par.cat\/wp-content\/uploads\/2022\/01\/mg-par_logo2.png\",\"contentUrl\":\"https:\/\/mg-par.cat\/wp-content\/uploads\/2022\/01\/mg-par_logo2.png\",\"width\":564,\"height\":168},{\"@type\":\"BreadcrumbList\",\"@id\":\"https:\/\/mg-par.cat\/es\/2021-es\/ccaa-en-les-quals-els-autonoms-poden-demanar-les-ajudes-directes\/#breadcrumb\",\"itemListElement\":[{\"@type\":\"ListItem\",\"position\":1,\"name\":\"Portada\",\"item\":\"https:\/\/mg-par.cat\/es\/\"},{\"@type\":\"ListItem\",\"position\":2,\"name\":\"\u200eCCAA en las que los aut\u00f3nomos pueden pedir las ayudas directas\u200e\"}]},{\"@type\":\"WebSite\",\"@id\":\"https:\/\/mg-par.cat\/#website\",\"url\":\"https:\/\/mg-par.cat\/\",\"name\":\"MG-PAR Rub\u00ed Gesti\u00f3\",\"description\":\"Assessoria a mida\",\"potentialAction\":[{\"@type\":\"SearchAction\",\"target\":{\"@type\":\"EntryPoint\",\"urlTemplate\":\"https:\/\/mg-par.cat\/?s={search_term_string}\"},\"query-input\":{\"@type\":\"PropertyValueSpecification\",\"valueRequired\":true,\"valueName\":\"search_term_string\"}}],\"inLanguage\":\"es\"},{\"@type\":\"Person\",\"@id\":\"https:\/\/mg-par.cat\/#\/schema\/person\/553df4ee1254b6183bf5c02623414075\",\"name\":\"admin\",\"sameAs\":[\"https:\/\/mg-par.cat\"],\"url\":\"#\"}]}<\/script>\n<!-- \/ Yoast SEO plugin. -->","yoast_head_json":{"title":"\u200eCCAA en las que los aut\u00f3nomos pueden pedir las ayudas directas\u200e - MG-PAR Rub\u00ed Gesti\u00f3","description":"\u200eEl pasado mes de febrero, el Gobierno anunci\u00f3 la puesta en marcha de un paquete de 7.000 millones de euros en ayudas directas.\u200e","robots":{"index":"index","follow":"follow","max-snippet":"max-snippet:-1","max-image-preview":"max-image-preview:large","max-video-preview":"max-video-preview:-1"},"canonical":"https:\/\/mg-par.cat\/es\/2021-es\/ccaa-en-les-quals-els-autonoms-poden-demanar-les-ajudes-directes\/","og_locale":"es_ES","og_type":"article","og_title":"\u200eCCAA en las que los aut\u00f3nomos pueden pedir las ayudas directas\u200e - MG-PAR Rub\u00ed Gesti\u00f3","og_description":"\u200eEl pasado mes de febrero, el Gobierno anunci\u00f3 la puesta en marcha de un paquete de 7.000 millones de euros en ayudas directas.\u200e","og_url":"https:\/\/mg-par.cat\/es\/2021-es\/ccaa-en-les-quals-els-autonoms-poden-demanar-les-ajudes-directes\/","og_site_name":"MG-PAR Rub\u00ed Gesti\u00f3","article_published_time":"2021-06-30T09:50:22+00:00","article_modified_time":"2022-06-22T14:15:12+00:00","og_image":[{"width":564,"height":168,"url":"https:\/\/mg-par.cat\/wp-content\/uploads\/2022\/01\/mg-par_logo2.png","type":"image\/png"}],"author":"admin","twitter_card":"summary_large_image","twitter_misc":{"Escrito por":"admin","Tiempo de lectura":"1 minuto"},"schema":{"@context":"https:\/\/schema.org","@graph":[{"@type":"Article","@id":"https:\/\/mg-par.cat\/es\/2021-es\/ccaa-en-les-quals-els-autonoms-poden-demanar-les-ajudes-directes\/#article","isPartOf":{"@id":"https:\/\/mg-par.cat\/es\/2021-es\/ccaa-en-les-quals-els-autonoms-poden-demanar-les-ajudes-directes\/"},"author":{"name":"admin","@id":"https:\/\/mg-par.cat\/#\/schema\/person\/553df4ee1254b6183bf5c02623414075"},"headline":"\u200eCCAA en las que los aut\u00f3nomos pueden pedir las ayudas directas\u200e","datePublished":"2021-06-30T09:50:22+00:00","dateModified":"2022-06-22T14:15:12+00:00","mainEntityOfPage":{"@id":"https:\/\/mg-par.cat\/es\/2021-es\/ccaa-en-les-quals-els-autonoms-poden-demanar-les-ajudes-directes\/"},"wordCount":163,"image":{"@id":"https:\/\/mg-par.cat\/es\/2021-es\/ccaa-en-les-quals-els-autonoms-poden-demanar-les-ajudes-directes\/#primaryimage"},"thumbnailUrl":"https:\/\/mg-par.cat\/wp-content\/uploads\/2022\/01\/mg-par_logo2.png","articleSection":["2021"],"inLanguage":"es"},{"@type":"WebPage","@id":"https:\/\/mg-par.cat\/es\/2021-es\/ccaa-en-les-quals-els-autonoms-poden-demanar-les-ajudes-directes\/","url":"https:\/\/mg-par.cat\/es\/2021-es\/ccaa-en-les-quals-els-autonoms-poden-demanar-les-ajudes-directes\/","name":"\u200eCCAA en las que los aut\u00f3nomos pueden pedir las ayudas directas\u200e - MG-PAR Rub\u00ed Gesti\u00f3","isPartOf":{"@id":"https:\/\/mg-par.cat\/#website"},"primaryImageOfPage":{"@id":"https:\/\/mg-par.cat\/es\/2021-es\/ccaa-en-les-quals-els-autonoms-poden-demanar-les-ajudes-directes\/#primaryimage"},"image":{"@id":"https:\/\/mg-par.cat\/es\/2021-es\/ccaa-en-les-quals-els-autonoms-poden-demanar-les-ajudes-directes\/#primaryimage"},"thumbnailUrl":"https:\/\/mg-par.cat\/wp-content\/uploads\/2022\/01\/mg-par_logo2.png","datePublished":"2021-06-30T09:50:22+00:00","dateModified":"2022-06-22T14:15:12+00:00","author":{"@id":"https:\/\/mg-par.cat\/#\/schema\/person\/553df4ee1254b6183bf5c02623414075"},"description":"\u200eEl pasado mes de febrero, el Gobierno anunci\u00f3 la puesta en marcha de un paquete de 7.000 millones de euros en ayudas directas.\u200e","breadcrumb":{"@id":"https:\/\/mg-par.cat\/es\/2021-es\/ccaa-en-les-quals-els-autonoms-poden-demanar-les-ajudes-directes\/#breadcrumb"},"inLanguage":"es","potentialAction":[{"@type":"ReadAction","target":["https:\/\/mg-par.cat\/es\/2021-es\/ccaa-en-les-quals-els-autonoms-poden-demanar-les-ajudes-directes\/"]}]},{"@type":"ImageObject","inLanguage":"es","@id":"https:\/\/mg-par.cat\/es\/2021-es\/ccaa-en-les-quals-els-autonoms-poden-demanar-les-ajudes-directes\/#primaryimage","url":"https:\/\/mg-par.cat\/wp-content\/uploads\/2022\/01\/mg-par_logo2.png","contentUrl":"https:\/\/mg-par.cat\/wp-content\/uploads\/2022\/01\/mg-par_logo2.png","width":564,"height":168},{"@type":"BreadcrumbList","@id":"https:\/\/mg-par.cat\/es\/2021-es\/ccaa-en-les-quals-els-autonoms-poden-demanar-les-ajudes-directes\/#breadcrumb","itemListElement":[{"@type":"ListItem","position":1,"name":"Portada","item":"https:\/\/mg-par.cat\/es\/"},{"@type":"ListItem","position":2,"name":"\u200eCCAA en las que los aut\u00f3nomos pueden pedir las ayudas directas\u200e"}]},{"@type":"WebSite","@id":"https:\/\/mg-par.cat\/#website","url":"https:\/\/mg-par.cat\/","name":"MG-PAR Rub\u00ed Gesti\u00f3","description":"Assessoria a mida","potentialAction":[{"@type":"SearchAction","target":{"@type":"EntryPoint","urlTemplate":"https:\/\/mg-par.cat\/?s={search_term_string}"},"query-input":{"@type":"PropertyValueSpecification","valueRequired":true,"valueName":"search_term_string"}}],"inLanguage":"es"},{"@type":"Person","@id":"https:\/\/mg-par.cat\/#\/schema\/person\/553df4ee1254b6183bf5c02623414075","name":"admin","sameAs":["https:\/\/mg-par.cat"],"url":"#"}]}},"_links":{"self":[{"href":"https:\/\/mg-par.cat\/es\/wp-json\/wp\/v2\/posts\/1227","targetHints":{"allow":["GET"]}}],"collection":[{"href":"https:\/\/mg-par.cat\/es\/wp-json\/wp\/v2\/posts"}],"about":[{"href":"https:\/\/mg-par.cat\/es\/wp-json\/wp\/v2\/types\/post"}],"author":[{"embeddable":true,"href":"https:\/\/mg-par.cat\/es\/wp-json\/wp\/v2\/users\/1"}],"replies":[{"embeddable":true,"href":"https:\/\/mg-par.cat\/es\/wp-json\/wp\/v2\/comments?post=1227"}],"version-history":[{"count":2,"href":"https:\/\/mg-par.cat\/es\/wp-json\/wp\/v2\/posts\/1227\/revisions"}],"predecessor-version":[{"id":1480,"href":"https:\/\/mg-par.cat\/es\/wp-json\/wp\/v2\/posts\/1227\/revisions\/1480"}],"wp:featuredmedia":[{"embeddable":true,"href":"https:\/\/mg-par.cat\/es\/wp-json\/wp\/v2\/media\/932"}],"wp:attachment":[{"href":"https:\/\/mg-par.cat\/es\/wp-json\/wp\/v2\/media?parent=1227"}],"wp:term":[{"taxonomy":"category","embeddable":true,"href":"https:\/\/mg-par.cat\/es\/wp-json\/wp\/v2\/categories?post=1227"},{"taxonomy":"post_tag","embeddable":true,"href":"https:\/\/mg-par.cat\/es\/wp-json\/wp\/v2\/tags?post=1227"}],"curies":[{"name":"wp","href":"https:\/\/api.w.org\/{rel}","templated":true}]}}