{"id":1245,"date":"2021-03-31T09:50:19","date_gmt":"2021-03-31T08:50:19","guid":{"rendered":"https:\/\/mg-par.cat\/?p=1245"},"modified":"2022-06-22T14:58:10","modified_gmt":"2022-06-22T13:58:10","slug":"novedades-plazos-y-otros-puntos-clave-de-la-declaracion-de-la-renta-de-2020","status":"publish","type":"post","link":"https:\/\/mg-par.cat\/es\/2021-es\/novedades-plazos-y-otros-puntos-clave-de-la-declaracion-de-la-renta-de-2020\/","title":{"rendered":"\u200eNovedades, plazos y otros puntos clave de la declaraci\u00f3n de la renta de 2020\u200e"},"content":{"rendered":"<div class=\"wpb-content-wrapper\"><p>[vc_row][vc_column][vc_column_text]<\/p>\n<p style=\"text-align: start;\">[\/vc_column_text][\/vc_column][\/vc_row][vc_row][vc_column][vc_column_text]\u200eSe acontece la primavera, y con ella el inicio de la campa\u00f1a de la renta, una campa\u00f1a en la que, aunque no tenemos muchas novedades, s\u00ed hay algunos puntos que conviene tener en cuenta, ya que las rentas de 2020 se han generado en plena pandemia, lo que, obviamente, afectar\u00e1 a muchas declaraciones. &#8230;\u200e[\/vc_column_text][vc_column_text]<a href=\"https:\/\/mg-par.cat\/wp-content\/uploads\/2022\/02\/Y2021-M03-ES.pdf\" target=\"_blank\" rel=\"noopener\">\u200eDescargar el bolet\u00edn de noticias completo\u200e <img loading=\"lazy\" decoding=\"async\" class=\"size-full wp-image-1001 alignnone\" src=\"https:\/\/mg-par.cat\/wp-content\/uploads\/2022\/01\/pdf_64.png\" alt=\"\" width=\"64\" height=\"64\" \/><\/a>[\/vc_column_text][\/vc_column][\/vc_row][vc_row][vc_column][vc_column_text]<\/p>\n<p>[\/vc_column_text][\/vc_column][\/vc_row]<\/p>\n<\/div>","protected":false},"excerpt":{"rendered":"<p>[vc_row][vc_column][vc_column_text] [\/vc_column_text][\/vc_column][\/vc_row][vc_row][vc_column][vc_column_text]\u200eSe acontece la primavera, y con ella el inicio de la campa\u00f1a de la renta, una campa\u00f1a en la que, aunque no tenemos muchas novedades, s\u00ed hay algunos puntos que conviene tener en cuenta, ya que las rentas de 2020 se han generado en plena pandemia, lo que, obviamente, afectar\u00e1 a muchas declaraciones. &#8230;\u200e[\/vc_column_text][vc_column_text]\u200eDescargar [&hellip;]<\/p>\n","protected":false},"author":1,"featured_media":932,"comment_status":"closed","ping_status":"closed","sticky":false,"template":"","format":"standard","meta":{"footnotes":""},"categories":[70],"tags":[],"class_list":["post-1245","post","type-post","status-publish","format-standard","has-post-thumbnail","hentry","category-2021-es"],"featured_image_src":{"landsacpe":["https:\/\/mg-par.cat\/wp-content\/uploads\/2022\/01\/mg-par_logo2.png",564,168,false],"list":["https:\/\/mg-par.cat\/wp-content\/uploads\/2022\/01\/mg-par_logo2-463x168.png",463,168,true],"medium":["https:\/\/mg-par.cat\/wp-content\/uploads\/2022\/01\/mg-par_logo2-300x89.png",300,89,true],"full":["https:\/\/mg-par.cat\/wp-content\/uploads\/2022\/01\/mg-par_logo2.png",564,168,false]},"yoast_head":"<!-- This site is optimized with the Yoast SEO plugin v27.2 - https:\/\/yoast.com\/product\/yoast-seo-wordpress\/ -->\n<title>\u200eNovedades, plazos y otros puntos clave de la declaraci\u00f3n de la renta de 2020\u200e - MG-PAR Rub\u00ed Gesti\u00f3<\/title>\n<meta name=\"description\" content=\"\u200eSe acerca la primavera, y con ella el inicio de la campa\u00f1a de la renta, una campa\u00f1a en la que, aunque no tenemos muchas novedad.\u200e\" \/>\n<meta name=\"robots\" content=\"index, follow, max-snippet:-1, max-image-preview:large, max-video-preview:-1\" \/>\n<link rel=\"canonical\" href=\"https:\/\/mg-par.cat\/es\/2021-es\/novedades-plazos-y-otros-puntos-clave-de-la-declaracion-de-la-renta-de-2020\/\" \/>\n<meta property=\"og:locale\" content=\"es_ES\" \/>\n<meta property=\"og:type\" content=\"article\" \/>\n<meta property=\"og:title\" content=\"\u200eNovedades, plazos y otros puntos clave de la declaraci\u00f3n de la renta de 2020\u200e - MG-PAR Rub\u00ed Gesti\u00f3\" \/>\n<meta property=\"og:description\" content=\"\u200eSe acerca la primavera, y con ella el inicio de la campa\u00f1a de la renta, una campa\u00f1a en la que, aunque no tenemos muchas novedad.\u200e\" \/>\n<meta property=\"og:url\" content=\"https:\/\/mg-par.cat\/es\/2021-es\/novedades-plazos-y-otros-puntos-clave-de-la-declaracion-de-la-renta-de-2020\/\" \/>\n<meta property=\"og:site_name\" content=\"MG-PAR Rub\u00ed Gesti\u00f3\" \/>\n<meta property=\"article:published_time\" content=\"2021-03-31T08:50:19+00:00\" \/>\n<meta property=\"article:modified_time\" content=\"2022-06-22T13:58:10+00:00\" \/>\n<meta property=\"og:image\" content=\"https:\/\/mg-par.cat\/wp-content\/uploads\/2022\/01\/mg-par_logo2.png\" \/>\n\t<meta property=\"og:image:width\" content=\"564\" \/>\n\t<meta property=\"og:image:height\" content=\"168\" \/>\n\t<meta property=\"og:image:type\" content=\"image\/png\" \/>\n<meta name=\"author\" content=\"admin\" \/>\n<meta name=\"twitter:card\" content=\"summary_large_image\" \/>\n<meta name=\"twitter:label1\" content=\"Escrito por\" \/>\n\t<meta name=\"twitter:data1\" content=\"admin\" \/>\n\t<meta name=\"twitter:label2\" content=\"Tiempo de lectura\" \/>\n\t<meta name=\"twitter:data2\" content=\"1 minuto\" \/>\n<script type=\"application\/ld+json\" class=\"yoast-schema-graph\">{\"@context\":\"https:\/\/schema.org\",\"@graph\":[{\"@type\":\"Article\",\"@id\":\"https:\/\/mg-par.cat\/es\/2021-es\/novedades-plazos-y-otros-puntos-clave-de-la-declaracion-de-la-renta-de-2020\/#article\",\"isPartOf\":{\"@id\":\"https:\/\/mg-par.cat\/es\/2021-es\/novedades-plazos-y-otros-puntos-clave-de-la-declaracion-de-la-renta-de-2020\/\"},\"author\":{\"name\":\"admin\",\"@id\":\"https:\/\/mg-par.cat\/#\/schema\/person\/553df4ee1254b6183bf5c02623414075\"},\"headline\":\"\u200eNovedades, plazos y otros puntos clave de la declaraci\u00f3n de la renta de 2020\u200e\",\"datePublished\":\"2021-03-31T08:50:19+00:00\",\"dateModified\":\"2022-06-22T13:58:10+00:00\",\"mainEntityOfPage\":{\"@id\":\"https:\/\/mg-par.cat\/es\/2021-es\/novedades-plazos-y-otros-puntos-clave-de-la-declaracion-de-la-renta-de-2020\/\"},\"wordCount\":123,\"image\":{\"@id\":\"https:\/\/mg-par.cat\/es\/2021-es\/novedades-plazos-y-otros-puntos-clave-de-la-declaracion-de-la-renta-de-2020\/#primaryimage\"},\"thumbnailUrl\":\"https:\/\/mg-par.cat\/wp-content\/uploads\/2022\/01\/mg-par_logo2.png\",\"articleSection\":[\"2021\"],\"inLanguage\":\"es\"},{\"@type\":\"WebPage\",\"@id\":\"https:\/\/mg-par.cat\/es\/2021-es\/novedades-plazos-y-otros-puntos-clave-de-la-declaracion-de-la-renta-de-2020\/\",\"url\":\"https:\/\/mg-par.cat\/es\/2021-es\/novedades-plazos-y-otros-puntos-clave-de-la-declaracion-de-la-renta-de-2020\/\",\"name\":\"\u200eNovedades, plazos y otros puntos clave de la declaraci\u00f3n de la renta de 2020\u200e - MG-PAR Rub\u00ed Gesti\u00f3\",\"isPartOf\":{\"@id\":\"https:\/\/mg-par.cat\/#website\"},\"primaryImageOfPage\":{\"@id\":\"https:\/\/mg-par.cat\/es\/2021-es\/novedades-plazos-y-otros-puntos-clave-de-la-declaracion-de-la-renta-de-2020\/#primaryimage\"},\"image\":{\"@id\":\"https:\/\/mg-par.cat\/es\/2021-es\/novedades-plazos-y-otros-puntos-clave-de-la-declaracion-de-la-renta-de-2020\/#primaryimage\"},\"thumbnailUrl\":\"https:\/\/mg-par.cat\/wp-content\/uploads\/2022\/01\/mg-par_logo2.png\",\"datePublished\":\"2021-03-31T08:50:19+00:00\",\"dateModified\":\"2022-06-22T13:58:10+00:00\",\"author\":{\"@id\":\"https:\/\/mg-par.cat\/#\/schema\/person\/553df4ee1254b6183bf5c02623414075\"},\"description\":\"\u200eSe acerca la primavera, y con ella el inicio de la campa\u00f1a de la renta, una campa\u00f1a en la que, aunque no tenemos muchas novedad.\u200e\",\"breadcrumb\":{\"@id\":\"https:\/\/mg-par.cat\/es\/2021-es\/novedades-plazos-y-otros-puntos-clave-de-la-declaracion-de-la-renta-de-2020\/#breadcrumb\"},\"inLanguage\":\"es\",\"potentialAction\":[{\"@type\":\"ReadAction\",\"target\":[\"https:\/\/mg-par.cat\/es\/2021-es\/novedades-plazos-y-otros-puntos-clave-de-la-declaracion-de-la-renta-de-2020\/\"]}]},{\"@type\":\"ImageObject\",\"inLanguage\":\"es\",\"@id\":\"https:\/\/mg-par.cat\/es\/2021-es\/novedades-plazos-y-otros-puntos-clave-de-la-declaracion-de-la-renta-de-2020\/#primaryimage\",\"url\":\"https:\/\/mg-par.cat\/wp-content\/uploads\/2022\/01\/mg-par_logo2.png\",\"contentUrl\":\"https:\/\/mg-par.cat\/wp-content\/uploads\/2022\/01\/mg-par_logo2.png\",\"width\":564,\"height\":168},{\"@type\":\"BreadcrumbList\",\"@id\":\"https:\/\/mg-par.cat\/es\/2021-es\/novedades-plazos-y-otros-puntos-clave-de-la-declaracion-de-la-renta-de-2020\/#breadcrumb\",\"itemListElement\":[{\"@type\":\"ListItem\",\"position\":1,\"name\":\"Portada\",\"item\":\"https:\/\/mg-par.cat\/es\/\"},{\"@type\":\"ListItem\",\"position\":2,\"name\":\"\u200eNovedades, plazos y otros puntos clave de la declaraci\u00f3n de la renta de 2020\u200e\"}]},{\"@type\":\"WebSite\",\"@id\":\"https:\/\/mg-par.cat\/#website\",\"url\":\"https:\/\/mg-par.cat\/\",\"name\":\"MG-PAR Rub\u00ed Gesti\u00f3\",\"description\":\"Assessoria a mida\",\"potentialAction\":[{\"@type\":\"SearchAction\",\"target\":{\"@type\":\"EntryPoint\",\"urlTemplate\":\"https:\/\/mg-par.cat\/?s={search_term_string}\"},\"query-input\":{\"@type\":\"PropertyValueSpecification\",\"valueRequired\":true,\"valueName\":\"search_term_string\"}}],\"inLanguage\":\"es\"},{\"@type\":\"Person\",\"@id\":\"https:\/\/mg-par.cat\/#\/schema\/person\/553df4ee1254b6183bf5c02623414075\",\"name\":\"admin\",\"sameAs\":[\"https:\/\/mg-par.cat\"],\"url\":\"#\"}]}<\/script>\n<!-- \/ Yoast SEO plugin. -->","yoast_head_json":{"title":"\u200eNovedades, plazos y otros puntos clave de la declaraci\u00f3n de la renta de 2020\u200e - MG-PAR Rub\u00ed Gesti\u00f3","description":"\u200eSe acerca la primavera, y con ella el inicio de la campa\u00f1a de la renta, una campa\u00f1a en la que, aunque no tenemos muchas novedad.\u200e","robots":{"index":"index","follow":"follow","max-snippet":"max-snippet:-1","max-image-preview":"max-image-preview:large","max-video-preview":"max-video-preview:-1"},"canonical":"https:\/\/mg-par.cat\/es\/2021-es\/novedades-plazos-y-otros-puntos-clave-de-la-declaracion-de-la-renta-de-2020\/","og_locale":"es_ES","og_type":"article","og_title":"\u200eNovedades, plazos y otros puntos clave de la declaraci\u00f3n de la renta de 2020\u200e - MG-PAR Rub\u00ed Gesti\u00f3","og_description":"\u200eSe acerca la primavera, y con ella el inicio de la campa\u00f1a de la renta, una campa\u00f1a en la que, aunque no tenemos muchas novedad.\u200e","og_url":"https:\/\/mg-par.cat\/es\/2021-es\/novedades-plazos-y-otros-puntos-clave-de-la-declaracion-de-la-renta-de-2020\/","og_site_name":"MG-PAR Rub\u00ed Gesti\u00f3","article_published_time":"2021-03-31T08:50:19+00:00","article_modified_time":"2022-06-22T13:58:10+00:00","og_image":[{"width":564,"height":168,"url":"https:\/\/mg-par.cat\/wp-content\/uploads\/2022\/01\/mg-par_logo2.png","type":"image\/png"}],"author":"admin","twitter_card":"summary_large_image","twitter_misc":{"Escrito por":"admin","Tiempo de lectura":"1 minuto"},"schema":{"@context":"https:\/\/schema.org","@graph":[{"@type":"Article","@id":"https:\/\/mg-par.cat\/es\/2021-es\/novedades-plazos-y-otros-puntos-clave-de-la-declaracion-de-la-renta-de-2020\/#article","isPartOf":{"@id":"https:\/\/mg-par.cat\/es\/2021-es\/novedades-plazos-y-otros-puntos-clave-de-la-declaracion-de-la-renta-de-2020\/"},"author":{"name":"admin","@id":"https:\/\/mg-par.cat\/#\/schema\/person\/553df4ee1254b6183bf5c02623414075"},"headline":"\u200eNovedades, plazos y otros puntos clave de la declaraci\u00f3n de la renta de 2020\u200e","datePublished":"2021-03-31T08:50:19+00:00","dateModified":"2022-06-22T13:58:10+00:00","mainEntityOfPage":{"@id":"https:\/\/mg-par.cat\/es\/2021-es\/novedades-plazos-y-otros-puntos-clave-de-la-declaracion-de-la-renta-de-2020\/"},"wordCount":123,"image":{"@id":"https:\/\/mg-par.cat\/es\/2021-es\/novedades-plazos-y-otros-puntos-clave-de-la-declaracion-de-la-renta-de-2020\/#primaryimage"},"thumbnailUrl":"https:\/\/mg-par.cat\/wp-content\/uploads\/2022\/01\/mg-par_logo2.png","articleSection":["2021"],"inLanguage":"es"},{"@type":"WebPage","@id":"https:\/\/mg-par.cat\/es\/2021-es\/novedades-plazos-y-otros-puntos-clave-de-la-declaracion-de-la-renta-de-2020\/","url":"https:\/\/mg-par.cat\/es\/2021-es\/novedades-plazos-y-otros-puntos-clave-de-la-declaracion-de-la-renta-de-2020\/","name":"\u200eNovedades, plazos y otros puntos clave de la declaraci\u00f3n de la renta de 2020\u200e - MG-PAR Rub\u00ed Gesti\u00f3","isPartOf":{"@id":"https:\/\/mg-par.cat\/#website"},"primaryImageOfPage":{"@id":"https:\/\/mg-par.cat\/es\/2021-es\/novedades-plazos-y-otros-puntos-clave-de-la-declaracion-de-la-renta-de-2020\/#primaryimage"},"image":{"@id":"https:\/\/mg-par.cat\/es\/2021-es\/novedades-plazos-y-otros-puntos-clave-de-la-declaracion-de-la-renta-de-2020\/#primaryimage"},"thumbnailUrl":"https:\/\/mg-par.cat\/wp-content\/uploads\/2022\/01\/mg-par_logo2.png","datePublished":"2021-03-31T08:50:19+00:00","dateModified":"2022-06-22T13:58:10+00:00","author":{"@id":"https:\/\/mg-par.cat\/#\/schema\/person\/553df4ee1254b6183bf5c02623414075"},"description":"\u200eSe acerca la primavera, y con ella el inicio de la campa\u00f1a de la renta, una campa\u00f1a en la que, aunque no tenemos muchas novedad.\u200e","breadcrumb":{"@id":"https:\/\/mg-par.cat\/es\/2021-es\/novedades-plazos-y-otros-puntos-clave-de-la-declaracion-de-la-renta-de-2020\/#breadcrumb"},"inLanguage":"es","potentialAction":[{"@type":"ReadAction","target":["https:\/\/mg-par.cat\/es\/2021-es\/novedades-plazos-y-otros-puntos-clave-de-la-declaracion-de-la-renta-de-2020\/"]}]},{"@type":"ImageObject","inLanguage":"es","@id":"https:\/\/mg-par.cat\/es\/2021-es\/novedades-plazos-y-otros-puntos-clave-de-la-declaracion-de-la-renta-de-2020\/#primaryimage","url":"https:\/\/mg-par.cat\/wp-content\/uploads\/2022\/01\/mg-par_logo2.png","contentUrl":"https:\/\/mg-par.cat\/wp-content\/uploads\/2022\/01\/mg-par_logo2.png","width":564,"height":168},{"@type":"BreadcrumbList","@id":"https:\/\/mg-par.cat\/es\/2021-es\/novedades-plazos-y-otros-puntos-clave-de-la-declaracion-de-la-renta-de-2020\/#breadcrumb","itemListElement":[{"@type":"ListItem","position":1,"name":"Portada","item":"https:\/\/mg-par.cat\/es\/"},{"@type":"ListItem","position":2,"name":"\u200eNovedades, plazos y otros puntos clave de la declaraci\u00f3n de la renta de 2020\u200e"}]},{"@type":"WebSite","@id":"https:\/\/mg-par.cat\/#website","url":"https:\/\/mg-par.cat\/","name":"MG-PAR Rub\u00ed Gesti\u00f3","description":"Assessoria a mida","potentialAction":[{"@type":"SearchAction","target":{"@type":"EntryPoint","urlTemplate":"https:\/\/mg-par.cat\/?s={search_term_string}"},"query-input":{"@type":"PropertyValueSpecification","valueRequired":true,"valueName":"search_term_string"}}],"inLanguage":"es"},{"@type":"Person","@id":"https:\/\/mg-par.cat\/#\/schema\/person\/553df4ee1254b6183bf5c02623414075","name":"admin","sameAs":["https:\/\/mg-par.cat"],"url":"#"}]}},"_links":{"self":[{"href":"https:\/\/mg-par.cat\/es\/wp-json\/wp\/v2\/posts\/1245","targetHints":{"allow":["GET"]}}],"collection":[{"href":"https:\/\/mg-par.cat\/es\/wp-json\/wp\/v2\/posts"}],"about":[{"href":"https:\/\/mg-par.cat\/es\/wp-json\/wp\/v2\/types\/post"}],"author":[{"embeddable":true,"href":"https:\/\/mg-par.cat\/es\/wp-json\/wp\/v2\/users\/1"}],"replies":[{"embeddable":true,"href":"https:\/\/mg-par.cat\/es\/wp-json\/wp\/v2\/comments?post=1245"}],"version-history":[{"count":2,"href":"https:\/\/mg-par.cat\/es\/wp-json\/wp\/v2\/posts\/1245\/revisions"}],"predecessor-version":[{"id":1460,"href":"https:\/\/mg-par.cat\/es\/wp-json\/wp\/v2\/posts\/1245\/revisions\/1460"}],"wp:featuredmedia":[{"embeddable":true,"href":"https:\/\/mg-par.cat\/es\/wp-json\/wp\/v2\/media\/932"}],"wp:attachment":[{"href":"https:\/\/mg-par.cat\/es\/wp-json\/wp\/v2\/media?parent=1245"}],"wp:term":[{"taxonomy":"category","embeddable":true,"href":"https:\/\/mg-par.cat\/es\/wp-json\/wp\/v2\/categories?post=1245"},{"taxonomy":"post_tag","embeddable":true,"href":"https:\/\/mg-par.cat\/es\/wp-json\/wp\/v2\/tags?post=1245"}],"curies":[{"name":"wp","href":"https:\/\/api.w.org\/{rel}","templated":true}]}}