{"id":1523,"date":"2022-11-10T09:55:57","date_gmt":"2022-11-10T08:55:57","guid":{"rendered":"https:\/\/mg-par.cat\/?p=1523"},"modified":"2022-11-10T09:56:36","modified_gmt":"2022-11-10T08:56:36","slug":"tercera-convocatoria-del-programa-de-ayudas-kit-digital","status":"publish","type":"post","link":"https:\/\/mg-par.cat\/es\/2022-es\/tercera-convocatoria-del-programa-de-ayudas-kit-digital\/","title":{"rendered":"Tercera convocatoria del programa de ayudas Kit Digital"},"content":{"rendered":"<div class=\"wpb-content-wrapper\"><p>[vc_row][vc_column][vc_column_text]Ya se ha publicado el anuncio en el BOE de la salida de la tercera convocatoria de ayudas del Kit Digital, que en este caso va destinada a los aut\u00f3nomos que tengan menos de tres trabajadores a partir del pr\u00f3ximo 20 de octubre. El m\u00e1ximo de las ayudas que llegar\u00e1n a estos aut\u00f3nomos ser\u00e1 de 2.000 euros.<\/p>\n<p>Hay una limitaci\u00f3n publicada en las bases, que ya era conocida. No podr\u00e1n acceder a estas ayudas las personas en situaci\u00f3n de autoempleo que tengan la consideraci\u00f3n de autos societarios o aut\u00f3nomos colaboradores.<\/p>\n<p>Adem\u00e1s deben cumplir con el resto de requisitos para poder solicitar el Kit Digital, como no tener la consideraci\u00f3n de empresa en crisis, o estar al corriente de las obligaciones tributarias y frente a la Seguridad Social.[\/vc_column_text][vc_column_text]<a href=\"https:\/\/mg-par.cat\/wp-content\/uploads\/2022\/11\/Y2022-M11-CAS.pdf\" target=\"_blank\" rel=\"noopener\">\u200eDescargar el bolet\u00edn de noticias completo\u200e <img loading=\"lazy\" decoding=\"async\" class=\"size-full wp-image-1001 alignnone\" src=\"https:\/\/mg-par.cat\/wp-content\/uploads\/2022\/01\/pdf_64.png\" alt=\"\" width=\"64\" height=\"64\" \/><\/a>[\/vc_column_text][\/vc_column][\/vc_row]<\/p>\n<\/div>","protected":false},"excerpt":{"rendered":"<p>[vc_row][vc_column][vc_column_text]Ya se ha publicado el anuncio en el BOE de la salida de la tercera convocatoria de ayudas del Kit Digital, que en este caso va destinada a los aut\u00f3nomos que tengan menos de tres trabajadores a partir del pr\u00f3ximo 20 de octubre. El m\u00e1ximo de las ayudas que llegar\u00e1n a estos aut\u00f3nomos ser\u00e1 de [&hellip;]<\/p>\n","protected":false},"author":1,"featured_media":932,"comment_status":"closed","ping_status":"closed","sticky":false,"template":"","format":"standard","meta":{"footnotes":""},"categories":[72],"tags":[],"class_list":["post-1523","post","type-post","status-publish","format-standard","has-post-thumbnail","hentry","category-2022-es"],"featured_image_src":{"landsacpe":["https:\/\/mg-par.cat\/wp-content\/uploads\/2022\/01\/mg-par_logo2.png",564,168,false],"list":["https:\/\/mg-par.cat\/wp-content\/uploads\/2022\/01\/mg-par_logo2-463x168.png",463,168,true],"medium":["https:\/\/mg-par.cat\/wp-content\/uploads\/2022\/01\/mg-par_logo2-300x89.png",300,89,true],"full":["https:\/\/mg-par.cat\/wp-content\/uploads\/2022\/01\/mg-par_logo2.png",564,168,false]},"yoast_head":"<!-- This site is optimized with the Yoast SEO plugin v27.2 - https:\/\/yoast.com\/product\/yoast-seo-wordpress\/ -->\n<title>Tercera convocatoria del programa de ayudas Kit Digital - MG-PAR Rub\u00ed Gesti\u00f3<\/title>\n<meta name=\"description\" content=\"Se ha publicado el anuncio en el BOE de la salida de la tercera convocatoria de ayudas del Kit Digital, que en este caso va destinada a los aut\u00f3nomos.\" \/>\n<meta name=\"robots\" content=\"index, follow, max-snippet:-1, max-image-preview:large, max-video-preview:-1\" \/>\n<link rel=\"canonical\" href=\"https:\/\/mg-par.cat\/es\/2022-es\/tercera-convocatoria-del-programa-de-ayudas-kit-digital\/\" \/>\n<meta property=\"og:locale\" content=\"es_ES\" \/>\n<meta property=\"og:type\" content=\"article\" \/>\n<meta property=\"og:title\" content=\"Tercera convocatoria del programa de ayudas Kit Digital - MG-PAR Rub\u00ed Gesti\u00f3\" \/>\n<meta property=\"og:description\" content=\"Se ha publicado el anuncio en el BOE de la salida de la tercera convocatoria de ayudas del Kit Digital, que en este caso va destinada a los aut\u00f3nomos.\" \/>\n<meta property=\"og:url\" content=\"https:\/\/mg-par.cat\/es\/2022-es\/tercera-convocatoria-del-programa-de-ayudas-kit-digital\/\" \/>\n<meta property=\"og:site_name\" content=\"MG-PAR Rub\u00ed Gesti\u00f3\" \/>\n<meta property=\"article:published_time\" content=\"2022-11-10T08:55:57+00:00\" \/>\n<meta property=\"article:modified_time\" content=\"2022-11-10T08:56:36+00:00\" \/>\n<meta property=\"og:image\" content=\"https:\/\/mg-par.cat\/wp-content\/uploads\/2022\/01\/mg-par_logo2.png\" \/>\n\t<meta property=\"og:image:width\" content=\"564\" \/>\n\t<meta property=\"og:image:height\" content=\"168\" \/>\n\t<meta property=\"og:image:type\" content=\"image\/png\" \/>\n<meta name=\"author\" content=\"admin\" \/>\n<meta name=\"twitter:card\" content=\"summary_large_image\" \/>\n<meta name=\"twitter:label1\" content=\"Escrito por\" \/>\n\t<meta name=\"twitter:data1\" content=\"admin\" \/>\n\t<meta name=\"twitter:label2\" content=\"Tiempo de lectura\" \/>\n\t<meta name=\"twitter:data2\" content=\"1 minuto\" \/>\n<script type=\"application\/ld+json\" class=\"yoast-schema-graph\">{\"@context\":\"https:\/\/schema.org\",\"@graph\":[{\"@type\":\"Article\",\"@id\":\"https:\/\/mg-par.cat\/es\/2022-es\/tercera-convocatoria-del-programa-de-ayudas-kit-digital\/#article\",\"isPartOf\":{\"@id\":\"https:\/\/mg-par.cat\/es\/2022-es\/tercera-convocatoria-del-programa-de-ayudas-kit-digital\/\"},\"author\":{\"name\":\"admin\",\"@id\":\"https:\/\/mg-par.cat\/#\/schema\/person\/553df4ee1254b6183bf5c02623414075\"},\"headline\":\"Tercera convocatoria del programa de ayudas Kit Digital\",\"datePublished\":\"2022-11-10T08:55:57+00:00\",\"dateModified\":\"2022-11-10T08:56:36+00:00\",\"mainEntityOfPage\":{\"@id\":\"https:\/\/mg-par.cat\/es\/2022-es\/tercera-convocatoria-del-programa-de-ayudas-kit-digital\/\"},\"wordCount\":172,\"image\":{\"@id\":\"https:\/\/mg-par.cat\/es\/2022-es\/tercera-convocatoria-del-programa-de-ayudas-kit-digital\/#primaryimage\"},\"thumbnailUrl\":\"https:\/\/mg-par.cat\/wp-content\/uploads\/2022\/01\/mg-par_logo2.png\",\"articleSection\":[\"2022\"],\"inLanguage\":\"es\"},{\"@type\":\"WebPage\",\"@id\":\"https:\/\/mg-par.cat\/es\/2022-es\/tercera-convocatoria-del-programa-de-ayudas-kit-digital\/\",\"url\":\"https:\/\/mg-par.cat\/es\/2022-es\/tercera-convocatoria-del-programa-de-ayudas-kit-digital\/\",\"name\":\"Tercera convocatoria del programa de ayudas Kit Digital - MG-PAR Rub\u00ed Gesti\u00f3\",\"isPartOf\":{\"@id\":\"https:\/\/mg-par.cat\/#website\"},\"primaryImageOfPage\":{\"@id\":\"https:\/\/mg-par.cat\/es\/2022-es\/tercera-convocatoria-del-programa-de-ayudas-kit-digital\/#primaryimage\"},\"image\":{\"@id\":\"https:\/\/mg-par.cat\/es\/2022-es\/tercera-convocatoria-del-programa-de-ayudas-kit-digital\/#primaryimage\"},\"thumbnailUrl\":\"https:\/\/mg-par.cat\/wp-content\/uploads\/2022\/01\/mg-par_logo2.png\",\"datePublished\":\"2022-11-10T08:55:57+00:00\",\"dateModified\":\"2022-11-10T08:56:36+00:00\",\"author\":{\"@id\":\"https:\/\/mg-par.cat\/#\/schema\/person\/553df4ee1254b6183bf5c02623414075\"},\"description\":\"Se ha publicado el anuncio en el BOE de la salida de la tercera convocatoria de ayudas del Kit Digital, que en este caso va destinada a los aut\u00f3nomos.\",\"breadcrumb\":{\"@id\":\"https:\/\/mg-par.cat\/es\/2022-es\/tercera-convocatoria-del-programa-de-ayudas-kit-digital\/#breadcrumb\"},\"inLanguage\":\"es\",\"potentialAction\":[{\"@type\":\"ReadAction\",\"target\":[\"https:\/\/mg-par.cat\/es\/2022-es\/tercera-convocatoria-del-programa-de-ayudas-kit-digital\/\"]}]},{\"@type\":\"ImageObject\",\"inLanguage\":\"es\",\"@id\":\"https:\/\/mg-par.cat\/es\/2022-es\/tercera-convocatoria-del-programa-de-ayudas-kit-digital\/#primaryimage\",\"url\":\"https:\/\/mg-par.cat\/wp-content\/uploads\/2022\/01\/mg-par_logo2.png\",\"contentUrl\":\"https:\/\/mg-par.cat\/wp-content\/uploads\/2022\/01\/mg-par_logo2.png\",\"width\":564,\"height\":168},{\"@type\":\"BreadcrumbList\",\"@id\":\"https:\/\/mg-par.cat\/es\/2022-es\/tercera-convocatoria-del-programa-de-ayudas-kit-digital\/#breadcrumb\",\"itemListElement\":[{\"@type\":\"ListItem\",\"position\":1,\"name\":\"Portada\",\"item\":\"https:\/\/mg-par.cat\/es\/\"},{\"@type\":\"ListItem\",\"position\":2,\"name\":\"Tercera convocatoria del programa de ayudas Kit Digital\"}]},{\"@type\":\"WebSite\",\"@id\":\"https:\/\/mg-par.cat\/#website\",\"url\":\"https:\/\/mg-par.cat\/\",\"name\":\"MG-PAR Rub\u00ed Gesti\u00f3\",\"description\":\"Assessoria a mida\",\"potentialAction\":[{\"@type\":\"SearchAction\",\"target\":{\"@type\":\"EntryPoint\",\"urlTemplate\":\"https:\/\/mg-par.cat\/?s={search_term_string}\"},\"query-input\":{\"@type\":\"PropertyValueSpecification\",\"valueRequired\":true,\"valueName\":\"search_term_string\"}}],\"inLanguage\":\"es\"},{\"@type\":\"Person\",\"@id\":\"https:\/\/mg-par.cat\/#\/schema\/person\/553df4ee1254b6183bf5c02623414075\",\"name\":\"admin\",\"sameAs\":[\"https:\/\/mg-par.cat\"],\"url\":\"#\"}]}<\/script>\n<!-- \/ Yoast SEO plugin. -->","yoast_head_json":{"title":"Tercera convocatoria del programa de ayudas Kit Digital - MG-PAR Rub\u00ed Gesti\u00f3","description":"Se ha publicado el anuncio en el BOE de la salida de la tercera convocatoria de ayudas del Kit Digital, que en este caso va destinada a los aut\u00f3nomos.","robots":{"index":"index","follow":"follow","max-snippet":"max-snippet:-1","max-image-preview":"max-image-preview:large","max-video-preview":"max-video-preview:-1"},"canonical":"https:\/\/mg-par.cat\/es\/2022-es\/tercera-convocatoria-del-programa-de-ayudas-kit-digital\/","og_locale":"es_ES","og_type":"article","og_title":"Tercera convocatoria del programa de ayudas Kit Digital - MG-PAR Rub\u00ed Gesti\u00f3","og_description":"Se ha publicado el anuncio en el BOE de la salida de la tercera convocatoria de ayudas del Kit Digital, que en este caso va destinada a los aut\u00f3nomos.","og_url":"https:\/\/mg-par.cat\/es\/2022-es\/tercera-convocatoria-del-programa-de-ayudas-kit-digital\/","og_site_name":"MG-PAR Rub\u00ed Gesti\u00f3","article_published_time":"2022-11-10T08:55:57+00:00","article_modified_time":"2022-11-10T08:56:36+00:00","og_image":[{"width":564,"height":168,"url":"https:\/\/mg-par.cat\/wp-content\/uploads\/2022\/01\/mg-par_logo2.png","type":"image\/png"}],"author":"admin","twitter_card":"summary_large_image","twitter_misc":{"Escrito por":"admin","Tiempo de lectura":"1 minuto"},"schema":{"@context":"https:\/\/schema.org","@graph":[{"@type":"Article","@id":"https:\/\/mg-par.cat\/es\/2022-es\/tercera-convocatoria-del-programa-de-ayudas-kit-digital\/#article","isPartOf":{"@id":"https:\/\/mg-par.cat\/es\/2022-es\/tercera-convocatoria-del-programa-de-ayudas-kit-digital\/"},"author":{"name":"admin","@id":"https:\/\/mg-par.cat\/#\/schema\/person\/553df4ee1254b6183bf5c02623414075"},"headline":"Tercera convocatoria del programa de ayudas Kit Digital","datePublished":"2022-11-10T08:55:57+00:00","dateModified":"2022-11-10T08:56:36+00:00","mainEntityOfPage":{"@id":"https:\/\/mg-par.cat\/es\/2022-es\/tercera-convocatoria-del-programa-de-ayudas-kit-digital\/"},"wordCount":172,"image":{"@id":"https:\/\/mg-par.cat\/es\/2022-es\/tercera-convocatoria-del-programa-de-ayudas-kit-digital\/#primaryimage"},"thumbnailUrl":"https:\/\/mg-par.cat\/wp-content\/uploads\/2022\/01\/mg-par_logo2.png","articleSection":["2022"],"inLanguage":"es"},{"@type":"WebPage","@id":"https:\/\/mg-par.cat\/es\/2022-es\/tercera-convocatoria-del-programa-de-ayudas-kit-digital\/","url":"https:\/\/mg-par.cat\/es\/2022-es\/tercera-convocatoria-del-programa-de-ayudas-kit-digital\/","name":"Tercera convocatoria del programa de ayudas Kit Digital - MG-PAR Rub\u00ed Gesti\u00f3","isPartOf":{"@id":"https:\/\/mg-par.cat\/#website"},"primaryImageOfPage":{"@id":"https:\/\/mg-par.cat\/es\/2022-es\/tercera-convocatoria-del-programa-de-ayudas-kit-digital\/#primaryimage"},"image":{"@id":"https:\/\/mg-par.cat\/es\/2022-es\/tercera-convocatoria-del-programa-de-ayudas-kit-digital\/#primaryimage"},"thumbnailUrl":"https:\/\/mg-par.cat\/wp-content\/uploads\/2022\/01\/mg-par_logo2.png","datePublished":"2022-11-10T08:55:57+00:00","dateModified":"2022-11-10T08:56:36+00:00","author":{"@id":"https:\/\/mg-par.cat\/#\/schema\/person\/553df4ee1254b6183bf5c02623414075"},"description":"Se ha publicado el anuncio en el BOE de la salida de la tercera convocatoria de ayudas del Kit Digital, que en este caso va destinada a los aut\u00f3nomos.","breadcrumb":{"@id":"https:\/\/mg-par.cat\/es\/2022-es\/tercera-convocatoria-del-programa-de-ayudas-kit-digital\/#breadcrumb"},"inLanguage":"es","potentialAction":[{"@type":"ReadAction","target":["https:\/\/mg-par.cat\/es\/2022-es\/tercera-convocatoria-del-programa-de-ayudas-kit-digital\/"]}]},{"@type":"ImageObject","inLanguage":"es","@id":"https:\/\/mg-par.cat\/es\/2022-es\/tercera-convocatoria-del-programa-de-ayudas-kit-digital\/#primaryimage","url":"https:\/\/mg-par.cat\/wp-content\/uploads\/2022\/01\/mg-par_logo2.png","contentUrl":"https:\/\/mg-par.cat\/wp-content\/uploads\/2022\/01\/mg-par_logo2.png","width":564,"height":168},{"@type":"BreadcrumbList","@id":"https:\/\/mg-par.cat\/es\/2022-es\/tercera-convocatoria-del-programa-de-ayudas-kit-digital\/#breadcrumb","itemListElement":[{"@type":"ListItem","position":1,"name":"Portada","item":"https:\/\/mg-par.cat\/es\/"},{"@type":"ListItem","position":2,"name":"Tercera convocatoria del programa de ayudas Kit Digital"}]},{"@type":"WebSite","@id":"https:\/\/mg-par.cat\/#website","url":"https:\/\/mg-par.cat\/","name":"MG-PAR Rub\u00ed Gesti\u00f3","description":"Assessoria a mida","potentialAction":[{"@type":"SearchAction","target":{"@type":"EntryPoint","urlTemplate":"https:\/\/mg-par.cat\/?s={search_term_string}"},"query-input":{"@type":"PropertyValueSpecification","valueRequired":true,"valueName":"search_term_string"}}],"inLanguage":"es"},{"@type":"Person","@id":"https:\/\/mg-par.cat\/#\/schema\/person\/553df4ee1254b6183bf5c02623414075","name":"admin","sameAs":["https:\/\/mg-par.cat"],"url":"#"}]}},"_links":{"self":[{"href":"https:\/\/mg-par.cat\/es\/wp-json\/wp\/v2\/posts\/1523","targetHints":{"allow":["GET"]}}],"collection":[{"href":"https:\/\/mg-par.cat\/es\/wp-json\/wp\/v2\/posts"}],"about":[{"href":"https:\/\/mg-par.cat\/es\/wp-json\/wp\/v2\/types\/post"}],"author":[{"embeddable":true,"href":"https:\/\/mg-par.cat\/es\/wp-json\/wp\/v2\/users\/1"}],"replies":[{"embeddable":true,"href":"https:\/\/mg-par.cat\/es\/wp-json\/wp\/v2\/comments?post=1523"}],"version-history":[{"count":2,"href":"https:\/\/mg-par.cat\/es\/wp-json\/wp\/v2\/posts\/1523\/revisions"}],"predecessor-version":[{"id":1531,"href":"https:\/\/mg-par.cat\/es\/wp-json\/wp\/v2\/posts\/1523\/revisions\/1531"}],"wp:featuredmedia":[{"embeddable":true,"href":"https:\/\/mg-par.cat\/es\/wp-json\/wp\/v2\/media\/932"}],"wp:attachment":[{"href":"https:\/\/mg-par.cat\/es\/wp-json\/wp\/v2\/media?parent=1523"}],"wp:term":[{"taxonomy":"category","embeddable":true,"href":"https:\/\/mg-par.cat\/es\/wp-json\/wp\/v2\/categories?post=1523"},{"taxonomy":"post_tag","embeddable":true,"href":"https:\/\/mg-par.cat\/es\/wp-json\/wp\/v2\/tags?post=1523"}],"curies":[{"name":"wp","href":"https:\/\/api.w.org\/{rel}","templated":true}]}}